{"id":814,"date":"2023-05-22T09:14:36","date_gmt":"2023-05-22T07:14:36","guid":{"rendered":"https:\/\/www.29b.it\/andersen-festival\/"},"modified":"2024-04-02T09:26:25","modified_gmt":"2024-04-02T07:26:25","slug":"andersen-festival","status":"publish","type":"post","link":"https:\/\/www.29b.it\/en\/andersen-festival\/","title":{"rendered":"ANDERSEN FESTIVAL"},"content":{"rendered":"\n<p>L&#8217;ANDERSEN FESTIVAL TORNA A SESTRI LEVANTE<br\/>CON LA 26\u00b0 EDIZIONE<br\/>DALL&#8217;8 AL 18 GIUGNO 2023<\/p>\n\n<p>A Sestri Levante si svolge, dal 1967, il concorso letterario Andersen-Baia delle Favole, dedicato alla letteratura per l\u2019infanzia, in particolare alla fiaba inedita. \u00c8 naturale, per un posto che pu\u00f2 vantare una Baia delle Favole pensare ad un premio di letteratura per l\u2019infanzia ed \u00e8 altrettanto naturale dedicarlo a Hans Christian Andersen, lo scrittore che ha battezzato cos\u00ec uno degli angoli pi\u00f9 suggestivi di Sestri Levante: la splendida insenatura ad ovest della penisola del borgo. Tra i protagonisti delle edizioni storiche del Premio, spiccano nomi quali quelli di <strong>Calvino, Moravia, De Filippo, Zavoli, Castellaneta.<\/strong><\/p>\n\n<p>Scopri le anticipazioni di questa magica edizione!<\/p>\n\n<figure class=\"wp-block-embed is-type-wp-embed is-provider-andersen-premio-e-festival wp-block-embed-andersen-premio-e-festival\"><div class=\"wp-block-embed__wrapper\">\n<blockquote class=\"wp-embedded-content\" data-secret=\"B6IVCwz1bU\"><a href=\"https:\/\/andersensestri.it\/\">Homepage<\/a><\/blockquote><iframe loading=\"lazy\" class=\"wp-embedded-content\" sandbox=\"allow-scripts\" security=\"restricted\" style=\"position: absolute; clip: rect(1px, 1px, 1px, 1px);\" title=\"&#8220;Homepage&#8221; &#8212; Andersen Premio e Festival\" src=\"https:\/\/andersensestri.it\/embed\/#?secret=xrdsZ2W38l#?secret=B6IVCwz1bU\" data-secret=\"B6IVCwz1bU\" width=\"600\" height=\"338\" frameborder=\"0\" marginwidth=\"0\" marginheight=\"0\" scrolling=\"no\"><\/iframe>\n<\/div><\/figure>\n","protected":false},"excerpt":{"rendered":"<p>L&#8217;ANDERSEN FESTIVAL TORNA A SESTRI LEVANTECON LA 26\u00b0 EDIZIONEDALL&#8217;8 AL 18 GIUGNO 2023 A Sestri Levante si svolge, dal 1967, il concorso letterario Andersen-Baia delle Favole, dedicato alla letteratura per l\u2019infanzia, in particolare alla fiaba inedita. \u00c8 naturale, per un posto che pu\u00f2 vantare una Baia delle Favole pensare ad un premio di letteratura per [&hellip;]<\/p>\n","protected":false},"author":1,"featured_media":773,"comment_status":"closed","ping_status":"closed","sticky":false,"template":"","format":"standard","meta":{"_et_pb_use_builder":"off","_et_pb_old_content":"","_et_gb_content_width":"","footnotes":""},"categories":[1],"tags":[],"class_list":["post-814","post","type-post","status-publish","format-standard","has-post-thumbnail","hentry","category-non-categorizzato"],"_links":{"self":[{"href":"https:\/\/www.29b.it\/en\/wp-json\/wp\/v2\/posts\/814","targetHints":{"allow":["GET"]}}],"collection":[{"href":"https:\/\/www.29b.it\/en\/wp-json\/wp\/v2\/posts"}],"about":[{"href":"https:\/\/www.29b.it\/en\/wp-json\/wp\/v2\/types\/post"}],"author":[{"embeddable":true,"href":"https:\/\/www.29b.it\/en\/wp-json\/wp\/v2\/users\/1"}],"replies":[{"embeddable":true,"href":"https:\/\/www.29b.it\/en\/wp-json\/wp\/v2\/comments?post=814"}],"version-history":[{"count":1,"href":"https:\/\/www.29b.it\/en\/wp-json\/wp\/v2\/posts\/814\/revisions"}],"predecessor-version":[{"id":815,"href":"https:\/\/www.29b.it\/en\/wp-json\/wp\/v2\/posts\/814\/revisions\/815"}],"wp:featuredmedia":[{"embeddable":true,"href":"https:\/\/www.29b.it\/en\/wp-json\/wp\/v2\/media\/773"}],"wp:attachment":[{"href":"https:\/\/www.29b.it\/en\/wp-json\/wp\/v2\/media?parent=814"}],"wp:term":[{"taxonomy":"category","embeddable":true,"href":"https:\/\/www.29b.it\/en\/wp-json\/wp\/v2\/categories?post=814"},{"taxonomy":"post_tag","embeddable":true,"href":"https:\/\/www.29b.it\/en\/wp-json\/wp\/v2\/tags?post=814"}],"curies":[{"name":"wp","href":"https:\/\/api.w.org\/{rel}","templated":true}]}}