{"id":718,"date":"2022-10-24T09:44:30","date_gmt":"2022-10-24T07:44:30","guid":{"rendered":"https:\/\/www.29b.it\/it-a-ca-sestri-levante-tigullio-2022\/"},"modified":"2023-01-10T10:44:08","modified_gmt":"2023-01-10T09:44:08","slug":"it-a-ca-sestri-levante-tigullio-2022","status":"publish","type":"post","link":"https:\/\/www.29b.it\/en\/it-a-ca-sestri-levante-tigullio-2022\/","title":{"rendered":"IT.A.C\u00c0 SESTRI LEVANTE \u2013 TIGULLIO 2022"},"content":{"rendered":"\n<h2 class=\"wp-block-heading\">DAL 29 OTTOBRE AL 1 NOVEMBRE 2022<\/h2>\n\n<p>Il tema del Festival IT.A.C\u00c0 di quest\u2019anno \u00e8 <strong><em>\u201cHabitat \u2013 abitare il futuro\u201d<\/em><\/strong>. Dove la parola habitat \u00e8 declinata come l\u2019atto di abitare un bene comune, di cui prendersi cura, riconoscendo la relazione non strumentale tra tutti i soggetti, umani e non, e gli oggetti che ne fanno parte.<\/p>\n\n<p>Quindi essere parte di ci\u00f2 che ci circonda, essere isole, si, ma di un arcipelago formato dagli altri, dall\u2019ambiente, dalle nostre radici, dalla bellezza. Cos\u00ec gli appuntamenti che abbiamo pensato per la tappa di Sestri Levante sono tutti all\u2019insegna di una (ri)scoperta di questo nostro habitat cos\u00ec particolare.<\/p>\n\n<p>Noi abituati a viverci, noi distratti e smemorati, spesso diamo ci\u00f2 che ci circonda, ci\u00f2 in cui siamo immersi, per scontato. E non lo \u00e8 affatto!<br\/>Vi aspettiamo dal 29 ottobre all\u20191 novembre per un festival fatto di mostre, parole, passeggiate, storia e natura!\u201d<\/p>\n\n<div class=\"wp-block-buttons is-layout-flex wp-block-buttons-is-layout-flex\">\n<div class=\"wp-block-button\"><a class=\"wp-block-button__link\" href=\"https:\/\/www.festivalitaca.net\/portfolio-articoli\/it-a-ca-sestri-levante-tigullio-2\/\">SCOPRI DI PIU&#8217;<\/a><\/div>\n<\/div>\n","protected":false},"excerpt":{"rendered":"<p>DAL 29 OTTOBRE AL 1 NOVEMBRE 2022 Il tema del Festival IT.A.C\u00c0 di quest\u2019anno \u00e8 \u201cHabitat \u2013 abitare il futuro\u201d. Dove la parola habitat \u00e8 declinata come l\u2019atto di abitare un bene comune, di cui prendersi cura, riconoscendo la relazione non strumentale tra tutti i soggetti, umani e non, e gli oggetti che ne fanno [&hellip;]<\/p>\n","protected":false},"author":1,"featured_media":651,"comment_status":"closed","ping_status":"open","sticky":false,"template":"","format":"standard","meta":{"_et_pb_use_builder":"off","_et_pb_old_content":"","_et_gb_content_width":"","footnotes":""},"categories":[1],"tags":[],"class_list":["post-718","post","type-post","status-publish","format-standard","has-post-thumbnail","hentry","category-non-categorizzato"],"_links":{"self":[{"href":"https:\/\/www.29b.it\/en\/wp-json\/wp\/v2\/posts\/718","targetHints":{"allow":["GET"]}}],"collection":[{"href":"https:\/\/www.29b.it\/en\/wp-json\/wp\/v2\/posts"}],"about":[{"href":"https:\/\/www.29b.it\/en\/wp-json\/wp\/v2\/types\/post"}],"author":[{"embeddable":true,"href":"https:\/\/www.29b.it\/en\/wp-json\/wp\/v2\/users\/1"}],"replies":[{"embeddable":true,"href":"https:\/\/www.29b.it\/en\/wp-json\/wp\/v2\/comments?post=718"}],"version-history":[{"count":1,"href":"https:\/\/www.29b.it\/en\/wp-json\/wp\/v2\/posts\/718\/revisions"}],"predecessor-version":[{"id":719,"href":"https:\/\/www.29b.it\/en\/wp-json\/wp\/v2\/posts\/718\/revisions\/719"}],"wp:featuredmedia":[{"embeddable":true,"href":"https:\/\/www.29b.it\/en\/wp-json\/wp\/v2\/media\/651"}],"wp:attachment":[{"href":"https:\/\/www.29b.it\/en\/wp-json\/wp\/v2\/media?parent=718"}],"wp:term":[{"taxonomy":"category","embeddable":true,"href":"https:\/\/www.29b.it\/en\/wp-json\/wp\/v2\/categories?post=718"},{"taxonomy":"post_tag","embeddable":true,"href":"https:\/\/www.29b.it\/en\/wp-json\/wp\/v2\/tags?post=718"}],"curies":[{"name":"wp","href":"https:\/\/api.w.org\/{rel}","templated":true}]}}